{"id":9609,"date":"2018-07-10T13:32:26","date_gmt":"2018-07-10T13:32:26","guid":{"rendered":"https:\/\/www.impresarusconi.it\/resstende-per-il-complesso-residenziale-milanese-novampere\/"},"modified":"2023-04-05T12:06:33","modified_gmt":"2023-04-05T12:06:33","slug":"resstende-per-il-complesso-residenziale-milanese-novampere","status":"publish","type":"post","link":"https:\/\/www.impresarusconi.it\/en\/resstende-per-il-complesso-residenziale-milanese-novampere\/","title":{"rendered":"Resstende per il complesso residenziale milanese n\u00f2vAmp\u00e8re"},"content":{"rendered":"<div class=\"fusion-fullwidth fullwidth-box fusion-builder-row-2 fusion-flex-container nonhundred-percent-fullwidth non-hundred-percent-height-scrolling bodypress\" style=\"--awb-border-radius-top-left:0px;--awb-border-radius-top-right:0px;--awb-border-radius-bottom-right:0px;--awb-border-radius-bottom-left:0px;--awb-padding-bottom:0%;--awb-margin-bottom:50px;--awb-flex-wrap:wrap;\" ><div class=\"fusion-builder-row fusion-row fusion-flex-align-items-flex-start fusion-flex-content-wrap\" style=\"max-width:1206.4px;margin-left: calc(-4% \/ 2 );margin-right: calc(-4% \/ 2 );\"><div class=\"fusion-layout-column fusion_builder_column fusion-builder-column-1 fusion_builder_column_1_1 1_1 fusion-flex-column colonnabodypress\" style=\"--awb-bg-size:cover;--awb-width-large:100%;--awb-margin-top-large:0px;--awb-spacing-right-large:1.92%;--awb-margin-bottom-large:0px;--awb-spacing-left-large:1.92%;--awb-width-medium:100%;--awb-order-medium:0;--awb-spacing-right-medium:1.92%;--awb-spacing-left-medium:1.92%;--awb-width-small:100%;--awb-order-small:0;--awb-spacing-right-small:1.92%;--awb-spacing-left-small:1.92%;\"><div class=\"fusion-column-wrapper fusion-column-has-shadow fusion-flex-justify-content-flex-start fusion-content-layout-column\"><div class=\"fusion-text fusion-text-2 testopress1\" style=\"--awb-text-transform:none;\"><p>Contribuire a rendere vivibile la casa, giostrando l\u2019ingresso della luce dalle finestre \u00e8 il diktat di ogni realizzazione Resstende. La versatilit\u00e0 e la funzionalit\u00e0 uniti alla perfetta gestione dell\u2019atmosfera indoor sono gli elementi fondanti il progetto tende proposto dalla realt\u00e0 di Agrate Brianza per il complesso residenziale milanese n\u00f2vAmp\u00e8re, nell\u2019appartamento campione realizzato in collaborazione con Milano Contract District.<\/p>\n<\/div><div class=\"fusion-image-element \" style=\"--awb-caption-title-font-family:var(--h2_typography-font-family);--awb-caption-title-font-weight:var(--h2_typography-font-weight);--awb-caption-title-font-style:var(--h2_typography-font-style);--awb-caption-title-size:var(--h2_typography-font-size);--awb-caption-title-transform:var(--h2_typography-text-transform);--awb-caption-title-line-height:var(--h2_typography-line-height);--awb-caption-title-letter-spacing:var(--h2_typography-letter-spacing);\"><span class=\" fusion-imageframe imageframe-none imageframe-2 hover-type-none\"><img decoding=\"async\" width=\"573\" height=\"2560\" title=\"1800_20180710-archiproducts\" src=\"https:\/\/www.impresarusconi.it\/wp-content\/uploads\/2018\/07\/1800_20180710-archiproducts-scaled.jpg\" data-orig-src=\"https:\/\/staging.impresarusconi.it\/wp-content\/uploads\/2018\/07\/1800_20180710-archiproducts-scaled.jpg\" alt class=\"lazyload img-responsive wp-image-9610\" srcset=\"data:image\/svg+xml,%3Csvg%20xmlns%3D%27http%3A%2F%2Fwww.w3.org%2F2000%2Fsvg%27%20width%3D%27573%27%20height%3D%272560%27%20viewBox%3D%270%200%20573%202560%27%3E%3Crect%20width%3D%27573%27%20height%3D%272560%27%20fill-opacity%3D%220%22%2F%3E%3C%2Fsvg%3E\" data-srcset=\"https:\/\/www.impresarusconi.it\/wp-content\/uploads\/2018\/07\/1800_20180710-archiproducts-200x893.jpg 200w, https:\/\/www.impresarusconi.it\/wp-content\/uploads\/2018\/07\/1800_20180710-archiproducts-400x1786.jpg 400w, https:\/\/www.impresarusconi.it\/wp-content\/uploads\/2018\/07\/1800_20180710-archiproducts-scaled.jpg 573w\" data-sizes=\"auto\" data-orig-sizes=\"(max-width: 1024px) 100vw, (max-width: 640px) 100vw, 573px\" \/><\/span><\/div><\/div><\/div><\/div><\/div>\n","protected":false},"excerpt":{"rendered":"","protected":false},"author":7,"featured_media":9611,"comment_status":"closed","ping_status":"open","sticky":false,"template":"","format":"standard","meta":{"_acf_changed":false,"_jetpack_memberships_contains_paid_content":false,"footnotes":""},"categories":[187],"tags":[236],"class_list":["post-9609","post","type-post","status-publish","format-standard","has-post-thumbnail","hentry","category-press-review","tag-archiproducts-it-en"],"acf":[],"yoast_head":"<!-- This site is optimized with the Yoast SEO plugin v27.3 - https:\/\/yoast.com\/product\/yoast-seo-wordpress\/ -->\n<title>Resstende per il complesso residenziale milanese n\u00f2vAmp\u00e8re - Impresa Rusconi<\/title>\n<meta name=\"robots\" content=\"index, follow, max-snippet:-1, max-image-preview:large, max-video-preview:-1\" \/>\n<link rel=\"canonical\" href=\"https:\/\/www.impresarusconi.it\/en\/resstende-per-il-complesso-residenziale-milanese-novampere\/\" \/>\n<meta property=\"og:locale\" content=\"en_US\" \/>\n<meta property=\"og:type\" content=\"article\" \/>\n<meta property=\"og:title\" content=\"Resstende per il complesso residenziale milanese n\u00f2vAmp\u00e8re - Impresa Rusconi\" \/>\n<meta property=\"og:url\" content=\"https:\/\/www.impresarusconi.it\/en\/resstende-per-il-complesso-residenziale-milanese-novampere\/\" \/>\n<meta property=\"og:site_name\" content=\"Impresa Rusconi\" \/>\n<meta property=\"article:published_time\" content=\"2018-07-10T13:32:26+00:00\" \/>\n<meta property=\"article:modified_time\" content=\"2023-04-05T12:06:33+00:00\" \/>\n<meta property=\"og:image\" content=\"https:\/\/www.impresarusconi.it\/wp-content\/uploads\/2018\/07\/archiproducts.png\" \/>\n\t<meta property=\"og:image:width\" content=\"400\" \/>\n\t<meta property=\"og:image:height\" content=\"70\" \/>\n\t<meta property=\"og:image:type\" content=\"image\/png\" \/>\n<meta name=\"author\" content=\"rossana.delforno\" \/>\n<meta name=\"twitter:card\" content=\"summary_large_image\" \/>\n<meta name=\"twitter:label1\" content=\"Written by\" \/>\n\t<meta name=\"twitter:data1\" content=\"rossana.delforno\" \/>\n\t<meta name=\"twitter:label2\" content=\"Est. reading time\" \/>\n\t<meta name=\"twitter:data2\" content=\"5 minutes\" \/>\n<script type=\"application\/ld+json\" class=\"yoast-schema-graph\">{\"@context\":\"https:\\\/\\\/schema.org\",\"@graph\":[{\"@type\":\"Article\",\"@id\":\"https:\\\/\\\/www.impresarusconi.it\\\/en\\\/resstende-per-il-complesso-residenziale-milanese-novampere\\\/#article\",\"isPartOf\":{\"@id\":\"https:\\\/\\\/www.impresarusconi.it\\\/en\\\/resstende-per-il-complesso-residenziale-milanese-novampere\\\/\"},\"author\":{\"name\":\"rossana.delforno\",\"@id\":\"https:\\\/\\\/www.impresarusconi.it\\\/en\\\/#\\\/schema\\\/person\\\/f611b7c2bc2dac6141918c8ce7f4fe88\"},\"headline\":\"Resstende per il complesso residenziale milanese n\u00f2vAmp\u00e8re\",\"datePublished\":\"2018-07-10T13:32:26+00:00\",\"dateModified\":\"2023-04-05T12:06:33+00:00\",\"mainEntityOfPage\":{\"@id\":\"https:\\\/\\\/www.impresarusconi.it\\\/en\\\/resstende-per-il-complesso-residenziale-milanese-novampere\\\/\"},\"wordCount\":937,\"image\":{\"@id\":\"https:\\\/\\\/www.impresarusconi.it\\\/en\\\/resstende-per-il-complesso-residenziale-milanese-novampere\\\/#primaryimage\"},\"thumbnailUrl\":\"https:\\\/\\\/www.impresarusconi.it\\\/wp-content\\\/uploads\\\/2018\\\/07\\\/archiproducts.png\",\"keywords\":[\"Archiproducts.it\"],\"articleSection\":[\"rassegna stampa\"],\"inLanguage\":\"en-US\"},{\"@type\":\"WebPage\",\"@id\":\"https:\\\/\\\/www.impresarusconi.it\\\/en\\\/resstende-per-il-complesso-residenziale-milanese-novampere\\\/\",\"url\":\"https:\\\/\\\/www.impresarusconi.it\\\/en\\\/resstende-per-il-complesso-residenziale-milanese-novampere\\\/\",\"name\":\"Resstende per il complesso residenziale milanese n\u00f2vAmp\u00e8re - Impresa Rusconi\",\"isPartOf\":{\"@id\":\"https:\\\/\\\/www.impresarusconi.it\\\/en\\\/#website\"},\"primaryImageOfPage\":{\"@id\":\"https:\\\/\\\/www.impresarusconi.it\\\/en\\\/resstende-per-il-complesso-residenziale-milanese-novampere\\\/#primaryimage\"},\"image\":{\"@id\":\"https:\\\/\\\/www.impresarusconi.it\\\/en\\\/resstende-per-il-complesso-residenziale-milanese-novampere\\\/#primaryimage\"},\"thumbnailUrl\":\"https:\\\/\\\/www.impresarusconi.it\\\/wp-content\\\/uploads\\\/2018\\\/07\\\/archiproducts.png\",\"datePublished\":\"2018-07-10T13:32:26+00:00\",\"dateModified\":\"2023-04-05T12:06:33+00:00\",\"author\":{\"@id\":\"https:\\\/\\\/www.impresarusconi.it\\\/en\\\/#\\\/schema\\\/person\\\/f611b7c2bc2dac6141918c8ce7f4fe88\"},\"breadcrumb\":{\"@id\":\"https:\\\/\\\/www.impresarusconi.it\\\/en\\\/resstende-per-il-complesso-residenziale-milanese-novampere\\\/#breadcrumb\"},\"inLanguage\":\"en-US\",\"potentialAction\":[{\"@type\":\"ReadAction\",\"target\":[\"https:\\\/\\\/www.impresarusconi.it\\\/en\\\/resstende-per-il-complesso-residenziale-milanese-novampere\\\/\"]}]},{\"@type\":\"ImageObject\",\"inLanguage\":\"en-US\",\"@id\":\"https:\\\/\\\/www.impresarusconi.it\\\/en\\\/resstende-per-il-complesso-residenziale-milanese-novampere\\\/#primaryimage\",\"url\":\"https:\\\/\\\/www.impresarusconi.it\\\/wp-content\\\/uploads\\\/2018\\\/07\\\/archiproducts.png\",\"contentUrl\":\"https:\\\/\\\/www.impresarusconi.it\\\/wp-content\\\/uploads\\\/2018\\\/07\\\/archiproducts.png\",\"width\":400,\"height\":70},{\"@type\":\"BreadcrumbList\",\"@id\":\"https:\\\/\\\/www.impresarusconi.it\\\/en\\\/resstende-per-il-complesso-residenziale-milanese-novampere\\\/#breadcrumb\",\"itemListElement\":[{\"@type\":\"ListItem\",\"position\":1,\"name\":\"Home\",\"item\":\"https:\\\/\\\/www.impresarusconi.it\\\/en\\\/\"},{\"@type\":\"ListItem\",\"position\":2,\"name\":\"Resstende per il complesso residenziale milanese n\u00f2vAmp\u00e8re\"}]},{\"@type\":\"WebSite\",\"@id\":\"https:\\\/\\\/www.impresarusconi.it\\\/en\\\/#website\",\"url\":\"https:\\\/\\\/www.impresarusconi.it\\\/en\\\/\",\"name\":\"Impresa Rusconi\",\"description\":\"Una questione di fiducia\",\"potentialAction\":[{\"@type\":\"SearchAction\",\"target\":{\"@type\":\"EntryPoint\",\"urlTemplate\":\"https:\\\/\\\/www.impresarusconi.it\\\/en\\\/?s={search_term_string}\"},\"query-input\":{\"@type\":\"PropertyValueSpecification\",\"valueRequired\":true,\"valueName\":\"search_term_string\"}}],\"inLanguage\":\"en-US\"},{\"@type\":\"Person\",\"@id\":\"https:\\\/\\\/www.impresarusconi.it\\\/en\\\/#\\\/schema\\\/person\\\/f611b7c2bc2dac6141918c8ce7f4fe88\",\"name\":\"rossana.delforno\",\"image\":{\"@type\":\"ImageObject\",\"inLanguage\":\"en-US\",\"@id\":\"https:\\\/\\\/secure.gravatar.com\\\/avatar\\\/3c5923e458edf864968cda006770cc7a0c8e388d7d9e9c893b9deb0a72858ac8?s=96&d=mm&r=g\",\"url\":\"https:\\\/\\\/secure.gravatar.com\\\/avatar\\\/3c5923e458edf864968cda006770cc7a0c8e388d7d9e9c893b9deb0a72858ac8?s=96&d=mm&r=g\",\"contentUrl\":\"https:\\\/\\\/secure.gravatar.com\\\/avatar\\\/3c5923e458edf864968cda006770cc7a0c8e388d7d9e9c893b9deb0a72858ac8?s=96&d=mm&r=g\",\"caption\":\"rossana.delforno\"}}]}<\/script>\n<!-- \/ Yoast SEO plugin. -->","yoast_head_json":{"title":"Resstende per il complesso residenziale milanese n\u00f2vAmp\u00e8re - Impresa Rusconi","robots":{"index":"index","follow":"follow","max-snippet":"max-snippet:-1","max-image-preview":"max-image-preview:large","max-video-preview":"max-video-preview:-1"},"canonical":"https:\/\/www.impresarusconi.it\/en\/resstende-per-il-complesso-residenziale-milanese-novampere\/","og_locale":"en_US","og_type":"article","og_title":"Resstende per il complesso residenziale milanese n\u00f2vAmp\u00e8re - Impresa Rusconi","og_url":"https:\/\/www.impresarusconi.it\/en\/resstende-per-il-complesso-residenziale-milanese-novampere\/","og_site_name":"Impresa Rusconi","article_published_time":"2018-07-10T13:32:26+00:00","article_modified_time":"2023-04-05T12:06:33+00:00","og_image":[{"width":400,"height":70,"url":"https:\/\/www.impresarusconi.it\/wp-content\/uploads\/2018\/07\/archiproducts.png","type":"image\/png"}],"author":"rossana.delforno","twitter_card":"summary_large_image","twitter_misc":{"Written by":"rossana.delforno","Est. reading time":"5 minutes"},"schema":{"@context":"https:\/\/schema.org","@graph":[{"@type":"Article","@id":"https:\/\/www.impresarusconi.it\/en\/resstende-per-il-complesso-residenziale-milanese-novampere\/#article","isPartOf":{"@id":"https:\/\/www.impresarusconi.it\/en\/resstende-per-il-complesso-residenziale-milanese-novampere\/"},"author":{"name":"rossana.delforno","@id":"https:\/\/www.impresarusconi.it\/en\/#\/schema\/person\/f611b7c2bc2dac6141918c8ce7f4fe88"},"headline":"Resstende per il complesso residenziale milanese n\u00f2vAmp\u00e8re","datePublished":"2018-07-10T13:32:26+00:00","dateModified":"2023-04-05T12:06:33+00:00","mainEntityOfPage":{"@id":"https:\/\/www.impresarusconi.it\/en\/resstende-per-il-complesso-residenziale-milanese-novampere\/"},"wordCount":937,"image":{"@id":"https:\/\/www.impresarusconi.it\/en\/resstende-per-il-complesso-residenziale-milanese-novampere\/#primaryimage"},"thumbnailUrl":"https:\/\/www.impresarusconi.it\/wp-content\/uploads\/2018\/07\/archiproducts.png","keywords":["Archiproducts.it"],"articleSection":["rassegna stampa"],"inLanguage":"en-US"},{"@type":"WebPage","@id":"https:\/\/www.impresarusconi.it\/en\/resstende-per-il-complesso-residenziale-milanese-novampere\/","url":"https:\/\/www.impresarusconi.it\/en\/resstende-per-il-complesso-residenziale-milanese-novampere\/","name":"Resstende per il complesso residenziale milanese n\u00f2vAmp\u00e8re - Impresa Rusconi","isPartOf":{"@id":"https:\/\/www.impresarusconi.it\/en\/#website"},"primaryImageOfPage":{"@id":"https:\/\/www.impresarusconi.it\/en\/resstende-per-il-complesso-residenziale-milanese-novampere\/#primaryimage"},"image":{"@id":"https:\/\/www.impresarusconi.it\/en\/resstende-per-il-complesso-residenziale-milanese-novampere\/#primaryimage"},"thumbnailUrl":"https:\/\/www.impresarusconi.it\/wp-content\/uploads\/2018\/07\/archiproducts.png","datePublished":"2018-07-10T13:32:26+00:00","dateModified":"2023-04-05T12:06:33+00:00","author":{"@id":"https:\/\/www.impresarusconi.it\/en\/#\/schema\/person\/f611b7c2bc2dac6141918c8ce7f4fe88"},"breadcrumb":{"@id":"https:\/\/www.impresarusconi.it\/en\/resstende-per-il-complesso-residenziale-milanese-novampere\/#breadcrumb"},"inLanguage":"en-US","potentialAction":[{"@type":"ReadAction","target":["https:\/\/www.impresarusconi.it\/en\/resstende-per-il-complesso-residenziale-milanese-novampere\/"]}]},{"@type":"ImageObject","inLanguage":"en-US","@id":"https:\/\/www.impresarusconi.it\/en\/resstende-per-il-complesso-residenziale-milanese-novampere\/#primaryimage","url":"https:\/\/www.impresarusconi.it\/wp-content\/uploads\/2018\/07\/archiproducts.png","contentUrl":"https:\/\/www.impresarusconi.it\/wp-content\/uploads\/2018\/07\/archiproducts.png","width":400,"height":70},{"@type":"BreadcrumbList","@id":"https:\/\/www.impresarusconi.it\/en\/resstende-per-il-complesso-residenziale-milanese-novampere\/#breadcrumb","itemListElement":[{"@type":"ListItem","position":1,"name":"Home","item":"https:\/\/www.impresarusconi.it\/en\/"},{"@type":"ListItem","position":2,"name":"Resstende per il complesso residenziale milanese n\u00f2vAmp\u00e8re"}]},{"@type":"WebSite","@id":"https:\/\/www.impresarusconi.it\/en\/#website","url":"https:\/\/www.impresarusconi.it\/en\/","name":"Impresa Rusconi","description":"Una questione di fiducia","potentialAction":[{"@type":"SearchAction","target":{"@type":"EntryPoint","urlTemplate":"https:\/\/www.impresarusconi.it\/en\/?s={search_term_string}"},"query-input":{"@type":"PropertyValueSpecification","valueRequired":true,"valueName":"search_term_string"}}],"inLanguage":"en-US"},{"@type":"Person","@id":"https:\/\/www.impresarusconi.it\/en\/#\/schema\/person\/f611b7c2bc2dac6141918c8ce7f4fe88","name":"rossana.delforno","image":{"@type":"ImageObject","inLanguage":"en-US","@id":"https:\/\/secure.gravatar.com\/avatar\/3c5923e458edf864968cda006770cc7a0c8e388d7d9e9c893b9deb0a72858ac8?s=96&d=mm&r=g","url":"https:\/\/secure.gravatar.com\/avatar\/3c5923e458edf864968cda006770cc7a0c8e388d7d9e9c893b9deb0a72858ac8?s=96&d=mm&r=g","contentUrl":"https:\/\/secure.gravatar.com\/avatar\/3c5923e458edf864968cda006770cc7a0c8e388d7d9e9c893b9deb0a72858ac8?s=96&d=mm&r=g","caption":"rossana.delforno"}}]}},"jetpack_featured_media_url":"https:\/\/www.impresarusconi.it\/wp-content\/uploads\/2018\/07\/archiproducts.png","jetpack_sharing_enabled":true,"_links":{"self":[{"href":"https:\/\/www.impresarusconi.it\/en\/wp-json\/wp\/v2\/posts\/9609","targetHints":{"allow":["GET"]}}],"collection":[{"href":"https:\/\/www.impresarusconi.it\/en\/wp-json\/wp\/v2\/posts"}],"about":[{"href":"https:\/\/www.impresarusconi.it\/en\/wp-json\/wp\/v2\/types\/post"}],"author":[{"embeddable":true,"href":"https:\/\/www.impresarusconi.it\/en\/wp-json\/wp\/v2\/users\/7"}],"replies":[{"embeddable":true,"href":"https:\/\/www.impresarusconi.it\/en\/wp-json\/wp\/v2\/comments?post=9609"}],"version-history":[{"count":1,"href":"https:\/\/www.impresarusconi.it\/en\/wp-json\/wp\/v2\/posts\/9609\/revisions"}],"predecessor-version":[{"id":11197,"href":"https:\/\/www.impresarusconi.it\/en\/wp-json\/wp\/v2\/posts\/9609\/revisions\/11197"}],"wp:featuredmedia":[{"embeddable":true,"href":"https:\/\/www.impresarusconi.it\/en\/wp-json\/wp\/v2\/media\/9611"}],"wp:attachment":[{"href":"https:\/\/www.impresarusconi.it\/en\/wp-json\/wp\/v2\/media?parent=9609"}],"wp:term":[{"taxonomy":"category","embeddable":true,"href":"https:\/\/www.impresarusconi.it\/en\/wp-json\/wp\/v2\/categories?post=9609"},{"taxonomy":"post_tag","embeddable":true,"href":"https:\/\/www.impresarusconi.it\/en\/wp-json\/wp\/v2\/tags?post=9609"}],"curies":[{"name":"wp","href":"https:\/\/api.w.org\/{rel}","templated":true}]}}