{"id":9566,"date":"2021-01-21T13:27:53","date_gmt":"2021-01-21T13:27:53","guid":{"rendered":"https:\/\/www.impresarusconi.it\/milano-uno-sguardo-dallalto\/"},"modified":"2023-04-05T12:02:39","modified_gmt":"2023-04-05T12:02:39","slug":"milano-uno-sguardo-dallalto","status":"publish","type":"post","link":"https:\/\/www.impresarusconi.it\/en\/milano-uno-sguardo-dallalto\/","title":{"rendered":"Milano: uno sguardo dall&#8217;alto"},"content":{"rendered":"<div class=\"fusion-fullwidth fullwidth-box fusion-builder-row-1 fusion-flex-container nonhundred-percent-fullwidth non-hundred-percent-height-scrolling gradient-container-1\" style=\"--awb-border-radius-top-left:0px;--awb-border-radius-top-right:0px;--awb-border-radius-bottom-right:0px;--awb-border-radius-bottom-left:0px;--awb-padding-top:3%;--awb-flex-wrap:wrap;\" ><div class=\"fusion-builder-row fusion-row fusion-flex-align-items-flex-start fusion-flex-content-wrap\" style=\"max-width:1206.4px;margin-left: calc(-4% \/ 2 );margin-right: calc(-4% \/ 2 );\"><div class=\"fusion-layout-column fusion_builder_column fusion-builder-column-0 fusion_builder_column_1_1 1_1 fusion-flex-column\" style=\"--awb-bg-size:cover;--awb-width-large:100%;--awb-margin-top-large:0px;--awb-spacing-right-large:1.92%;--awb-margin-bottom-large:0px;--awb-spacing-left-large:1.92%;--awb-width-medium:100%;--awb-order-medium:0;--awb-spacing-right-medium:1.92%;--awb-spacing-left-medium:1.92%;--awb-width-small:100%;--awb-order-small:0;--awb-spacing-right-small:1.92%;--awb-spacing-left-small:1.92%;\"><div class=\"fusion-column-wrapper fusion-column-has-shadow fusion-flex-justify-content-flex-start fusion-content-layout-column\"><div class=\"fusion-text fusion-text-1\" style=\"--awb-text-transform:none;\"><p>Torre Milano continua a crescere e si inserisce in uno skyline che continuer\u00e0 a rinnovarsi anche nei prossimi anni.<\/p>\n<\/div><div class=\"fusion-text fusion-text-2\" style=\"--awb-text-transform:none;\"><p>Entro il 2030 verranno investiti oltre 13 miliardi nello sviluppo dell&#8217;immobiliare milanese, facendone una delle mete pi\u00f9 vitali nel panorama mondiale. Molti progetti hanno gi\u00e0 visto la luce e se ne intravede la conclusione a brevissimo. Altri verranno realizzati nel corso dei prossimi tre anni. Per molti di essi il comune denominatore \u00e8 unico: la verticalit\u00e0. E non \u00e8 solo un fattore di prestigio, ma \u00e8 anche una soluzione molto pratica al consumo di suolo che nelle metropoli moderne \u00e8 diventato un grave problema. I grattacieli, infatti, restituiscono spazio al verde cittadino soffocato dalle colate orizzontali di cemento delle palazzine. Inoltre nuove soluzioni tecnologiche e architettoniche rendono i nuovi edifici eco-sostenibili e a basso consumo energetico. E nonostante le sfide poste dalla pandemia, l&#8217;immobiliare continua a scommettere su questi giganti che ridisegnano il profilo delle citt\u00e0 in modo unico. Proprio la complessit\u00e0 e l&#8217;iconicit\u00e0 delle torri attira i pi\u00f9 grandi studi di architettura e ingegneria nella loro progettazione.<\/p>\n<\/div><div class=\"fusion-text fusion-text-3\" style=\"--awb-text-transform:none;\"><p>Vediamo chi saranno i protagonisti del futuro urbano.<\/p>\n<\/div><div class=\"fusion-text fusion-text-4\" style=\"--awb-text-transform:none;\"><p>Torre Milano, progettata dallo Studio beretta Associati, si ispira ai grattacieli simbolo del boom economico della Citt\u00e0 e agli stilemi tipici dell\u2019architettura razionalista, con forme geometriche pure e volumi che creano l\u2019illusione di fondere il dentro e il fuori.<\/p>\n<\/div><div class=\"fusion-text fusion-text-5\" style=\"--awb-text-transform:none;\"><p>Bjarke Ingels Group ha progettato la cosiddetta \u2018quarta torre\u2019, The Portico, gi\u00e0 ribattezzato dai milanesi \u2018lo sdraiato\u2019 per via della sua forma, che completer\u00e0 il panorama di CityLife.<\/p>\n<\/div><div class=\"fusion-text fusion-text-6\" style=\"--awb-text-transform:none;\"><p>Via Melchiorre Gioia ospiter\u00e0 ben tre nuovi grattacieli. \u2018La Scheggia\u2019, alta 120 metri e futura sede di Ubi Banca, disegnata Gregg Jones di Pelli Clarke Pelli Architect, che sar\u00e0 il primo edificio in Italia a rispettare gli stringenti parametri del Nearly Zero Energy Consumption Building. Poi la nuova sede Unipol, progettata da Mario Cucinella, gi\u00e0 ribattezzata il \u2018Nido Verticale\u2019 per la sua particolare struttura che ospiter\u00e0 un giardino panoramico e uno sky restaurant; &#8220;Torre Gioia 20&#8221; con i suoi 104 metri, \u00e8 firmata da Antonio Citterio e Patricia Viel e arricchir\u00e0 ulteriormente lo skyline di Porta Nuova. Sempre progettata da Antonio Citterio e Patricia Viel, la Torre Faro, nuova sede di A2A sar\u00e0 in biglietto da visita per chi arriva a Milano da sud. Con l&#8217;inaugurazione prevista per il 2023, sar\u00e0 caratterizzata da una forma tubolare interrotta da giardini pensili a 60 metri di altezza.<\/p>\n<\/div><\/div><\/div><\/div><\/div>\n","protected":false},"excerpt":{"rendered":"","protected":false},"author":7,"featured_media":9453,"comment_status":"closed","ping_status":"open","sticky":false,"template":"","format":"standard","meta":{"_acf_changed":false,"_jetpack_memberships_contains_paid_content":false,"footnotes":""},"categories":[186,203],"tags":[],"class_list":["post-9566","post","type-post","status-publish","format-standard","has-post-thumbnail","hentry","category-news-en","category-news-and-market"],"acf":[],"yoast_head":"<!-- This site is optimized with the Yoast SEO plugin v27.3 - https:\/\/yoast.com\/product\/yoast-seo-wordpress\/ -->\n<title>Milano: uno sguardo dall&#039;alto - Impresa Rusconi<\/title>\n<meta name=\"robots\" content=\"index, follow, max-snippet:-1, max-image-preview:large, max-video-preview:-1\" \/>\n<link rel=\"canonical\" href=\"https:\/\/www.impresarusconi.it\/en\/milano-uno-sguardo-dallalto\/\" \/>\n<meta property=\"og:locale\" content=\"en_US\" \/>\n<meta property=\"og:type\" content=\"article\" \/>\n<meta property=\"og:title\" content=\"Milano: uno sguardo dall&#039;alto - Impresa Rusconi\" \/>\n<meta property=\"og:url\" content=\"https:\/\/www.impresarusconi.it\/en\/milano-uno-sguardo-dallalto\/\" \/>\n<meta property=\"og:site_name\" content=\"Impresa Rusconi\" \/>\n<meta property=\"article:published_time\" content=\"2021-01-21T13:27:53+00:00\" \/>\n<meta property=\"article:modified_time\" content=\"2023-04-05T12:02:39+00:00\" \/>\n<meta property=\"og:image\" content=\"https:\/\/www.impresarusconi.it\/wp-content\/uploads\/2021\/11\/2573_Unipol2.jpg\" \/>\n\t<meta property=\"og:image:width\" content=\"800\" \/>\n\t<meta property=\"og:image:height\" content=\"701\" \/>\n\t<meta property=\"og:image:type\" content=\"image\/jpeg\" \/>\n<meta name=\"author\" content=\"rossana.delforno\" \/>\n<meta name=\"twitter:card\" content=\"summary_large_image\" \/>\n<meta name=\"twitter:label1\" content=\"Written by\" \/>\n\t<meta name=\"twitter:data1\" content=\"rossana.delforno\" \/>\n\t<meta name=\"twitter:label2\" content=\"Est. reading time\" \/>\n\t<meta name=\"twitter:data2\" content=\"6 minutes\" \/>\n<script type=\"application\/ld+json\" class=\"yoast-schema-graph\">{\"@context\":\"https:\\\/\\\/schema.org\",\"@graph\":[{\"@type\":\"Article\",\"@id\":\"https:\\\/\\\/www.impresarusconi.it\\\/en\\\/milano-uno-sguardo-dallalto\\\/#article\",\"isPartOf\":{\"@id\":\"https:\\\/\\\/www.impresarusconi.it\\\/en\\\/milano-uno-sguardo-dallalto\\\/\"},\"author\":{\"name\":\"rossana.delforno\",\"@id\":\"https:\\\/\\\/www.impresarusconi.it\\\/en\\\/#\\\/schema\\\/person\\\/f611b7c2bc2dac6141918c8ce7f4fe88\"},\"headline\":\"Milano: uno sguardo dall&#8217;alto\",\"datePublished\":\"2021-01-21T13:27:53+00:00\",\"dateModified\":\"2023-04-05T12:02:39+00:00\",\"mainEntityOfPage\":{\"@id\":\"https:\\\/\\\/www.impresarusconi.it\\\/en\\\/milano-uno-sguardo-dallalto\\\/\"},\"wordCount\":1245,\"image\":{\"@id\":\"https:\\\/\\\/www.impresarusconi.it\\\/en\\\/milano-uno-sguardo-dallalto\\\/#primaryimage\"},\"thumbnailUrl\":\"https:\\\/\\\/www.impresarusconi.it\\\/wp-content\\\/uploads\\\/2021\\\/11\\\/2573_Unipol2.jpg\",\"articleSection\":[\"News\",\"News and market\"],\"inLanguage\":\"en-US\"},{\"@type\":\"WebPage\",\"@id\":\"https:\\\/\\\/www.impresarusconi.it\\\/en\\\/milano-uno-sguardo-dallalto\\\/\",\"url\":\"https:\\\/\\\/www.impresarusconi.it\\\/en\\\/milano-uno-sguardo-dallalto\\\/\",\"name\":\"Milano: uno sguardo dall'alto - Impresa Rusconi\",\"isPartOf\":{\"@id\":\"https:\\\/\\\/www.impresarusconi.it\\\/en\\\/#website\"},\"primaryImageOfPage\":{\"@id\":\"https:\\\/\\\/www.impresarusconi.it\\\/en\\\/milano-uno-sguardo-dallalto\\\/#primaryimage\"},\"image\":{\"@id\":\"https:\\\/\\\/www.impresarusconi.it\\\/en\\\/milano-uno-sguardo-dallalto\\\/#primaryimage\"},\"thumbnailUrl\":\"https:\\\/\\\/www.impresarusconi.it\\\/wp-content\\\/uploads\\\/2021\\\/11\\\/2573_Unipol2.jpg\",\"datePublished\":\"2021-01-21T13:27:53+00:00\",\"dateModified\":\"2023-04-05T12:02:39+00:00\",\"author\":{\"@id\":\"https:\\\/\\\/www.impresarusconi.it\\\/en\\\/#\\\/schema\\\/person\\\/f611b7c2bc2dac6141918c8ce7f4fe88\"},\"breadcrumb\":{\"@id\":\"https:\\\/\\\/www.impresarusconi.it\\\/en\\\/milano-uno-sguardo-dallalto\\\/#breadcrumb\"},\"inLanguage\":\"en-US\",\"potentialAction\":[{\"@type\":\"ReadAction\",\"target\":[\"https:\\\/\\\/www.impresarusconi.it\\\/en\\\/milano-uno-sguardo-dallalto\\\/\"]}]},{\"@type\":\"ImageObject\",\"inLanguage\":\"en-US\",\"@id\":\"https:\\\/\\\/www.impresarusconi.it\\\/en\\\/milano-uno-sguardo-dallalto\\\/#primaryimage\",\"url\":\"https:\\\/\\\/www.impresarusconi.it\\\/wp-content\\\/uploads\\\/2021\\\/11\\\/2573_Unipol2.jpg\",\"contentUrl\":\"https:\\\/\\\/www.impresarusconi.it\\\/wp-content\\\/uploads\\\/2021\\\/11\\\/2573_Unipol2.jpg\",\"width\":800,\"height\":701},{\"@type\":\"BreadcrumbList\",\"@id\":\"https:\\\/\\\/www.impresarusconi.it\\\/en\\\/milano-uno-sguardo-dallalto\\\/#breadcrumb\",\"itemListElement\":[{\"@type\":\"ListItem\",\"position\":1,\"name\":\"Home\",\"item\":\"https:\\\/\\\/www.impresarusconi.it\\\/en\\\/\"},{\"@type\":\"ListItem\",\"position\":2,\"name\":\"Milano: uno sguardo dall&#8217;alto\"}]},{\"@type\":\"WebSite\",\"@id\":\"https:\\\/\\\/www.impresarusconi.it\\\/en\\\/#website\",\"url\":\"https:\\\/\\\/www.impresarusconi.it\\\/en\\\/\",\"name\":\"Impresa Rusconi\",\"description\":\"Una questione di fiducia\",\"potentialAction\":[{\"@type\":\"SearchAction\",\"target\":{\"@type\":\"EntryPoint\",\"urlTemplate\":\"https:\\\/\\\/www.impresarusconi.it\\\/en\\\/?s={search_term_string}\"},\"query-input\":{\"@type\":\"PropertyValueSpecification\",\"valueRequired\":true,\"valueName\":\"search_term_string\"}}],\"inLanguage\":\"en-US\"},{\"@type\":\"Person\",\"@id\":\"https:\\\/\\\/www.impresarusconi.it\\\/en\\\/#\\\/schema\\\/person\\\/f611b7c2bc2dac6141918c8ce7f4fe88\",\"name\":\"rossana.delforno\",\"image\":{\"@type\":\"ImageObject\",\"inLanguage\":\"en-US\",\"@id\":\"https:\\\/\\\/secure.gravatar.com\\\/avatar\\\/3c5923e458edf864968cda006770cc7a0c8e388d7d9e9c893b9deb0a72858ac8?s=96&d=mm&r=g\",\"url\":\"https:\\\/\\\/secure.gravatar.com\\\/avatar\\\/3c5923e458edf864968cda006770cc7a0c8e388d7d9e9c893b9deb0a72858ac8?s=96&d=mm&r=g\",\"contentUrl\":\"https:\\\/\\\/secure.gravatar.com\\\/avatar\\\/3c5923e458edf864968cda006770cc7a0c8e388d7d9e9c893b9deb0a72858ac8?s=96&d=mm&r=g\",\"caption\":\"rossana.delforno\"}}]}<\/script>\n<!-- \/ Yoast SEO plugin. -->","yoast_head_json":{"title":"Milano: uno sguardo dall'alto - Impresa Rusconi","robots":{"index":"index","follow":"follow","max-snippet":"max-snippet:-1","max-image-preview":"max-image-preview:large","max-video-preview":"max-video-preview:-1"},"canonical":"https:\/\/www.impresarusconi.it\/en\/milano-uno-sguardo-dallalto\/","og_locale":"en_US","og_type":"article","og_title":"Milano: uno sguardo dall'alto - Impresa Rusconi","og_url":"https:\/\/www.impresarusconi.it\/en\/milano-uno-sguardo-dallalto\/","og_site_name":"Impresa Rusconi","article_published_time":"2021-01-21T13:27:53+00:00","article_modified_time":"2023-04-05T12:02:39+00:00","og_image":[{"width":800,"height":701,"url":"https:\/\/www.impresarusconi.it\/wp-content\/uploads\/2021\/11\/2573_Unipol2.jpg","type":"image\/jpeg"}],"author":"rossana.delforno","twitter_card":"summary_large_image","twitter_misc":{"Written by":"rossana.delforno","Est. reading time":"6 minutes"},"schema":{"@context":"https:\/\/schema.org","@graph":[{"@type":"Article","@id":"https:\/\/www.impresarusconi.it\/en\/milano-uno-sguardo-dallalto\/#article","isPartOf":{"@id":"https:\/\/www.impresarusconi.it\/en\/milano-uno-sguardo-dallalto\/"},"author":{"name":"rossana.delforno","@id":"https:\/\/www.impresarusconi.it\/en\/#\/schema\/person\/f611b7c2bc2dac6141918c8ce7f4fe88"},"headline":"Milano: uno sguardo dall&#8217;alto","datePublished":"2021-01-21T13:27:53+00:00","dateModified":"2023-04-05T12:02:39+00:00","mainEntityOfPage":{"@id":"https:\/\/www.impresarusconi.it\/en\/milano-uno-sguardo-dallalto\/"},"wordCount":1245,"image":{"@id":"https:\/\/www.impresarusconi.it\/en\/milano-uno-sguardo-dallalto\/#primaryimage"},"thumbnailUrl":"https:\/\/www.impresarusconi.it\/wp-content\/uploads\/2021\/11\/2573_Unipol2.jpg","articleSection":["News","News and market"],"inLanguage":"en-US"},{"@type":"WebPage","@id":"https:\/\/www.impresarusconi.it\/en\/milano-uno-sguardo-dallalto\/","url":"https:\/\/www.impresarusconi.it\/en\/milano-uno-sguardo-dallalto\/","name":"Milano: uno sguardo dall'alto - Impresa Rusconi","isPartOf":{"@id":"https:\/\/www.impresarusconi.it\/en\/#website"},"primaryImageOfPage":{"@id":"https:\/\/www.impresarusconi.it\/en\/milano-uno-sguardo-dallalto\/#primaryimage"},"image":{"@id":"https:\/\/www.impresarusconi.it\/en\/milano-uno-sguardo-dallalto\/#primaryimage"},"thumbnailUrl":"https:\/\/www.impresarusconi.it\/wp-content\/uploads\/2021\/11\/2573_Unipol2.jpg","datePublished":"2021-01-21T13:27:53+00:00","dateModified":"2023-04-05T12:02:39+00:00","author":{"@id":"https:\/\/www.impresarusconi.it\/en\/#\/schema\/person\/f611b7c2bc2dac6141918c8ce7f4fe88"},"breadcrumb":{"@id":"https:\/\/www.impresarusconi.it\/en\/milano-uno-sguardo-dallalto\/#breadcrumb"},"inLanguage":"en-US","potentialAction":[{"@type":"ReadAction","target":["https:\/\/www.impresarusconi.it\/en\/milano-uno-sguardo-dallalto\/"]}]},{"@type":"ImageObject","inLanguage":"en-US","@id":"https:\/\/www.impresarusconi.it\/en\/milano-uno-sguardo-dallalto\/#primaryimage","url":"https:\/\/www.impresarusconi.it\/wp-content\/uploads\/2021\/11\/2573_Unipol2.jpg","contentUrl":"https:\/\/www.impresarusconi.it\/wp-content\/uploads\/2021\/11\/2573_Unipol2.jpg","width":800,"height":701},{"@type":"BreadcrumbList","@id":"https:\/\/www.impresarusconi.it\/en\/milano-uno-sguardo-dallalto\/#breadcrumb","itemListElement":[{"@type":"ListItem","position":1,"name":"Home","item":"https:\/\/www.impresarusconi.it\/en\/"},{"@type":"ListItem","position":2,"name":"Milano: uno sguardo dall&#8217;alto"}]},{"@type":"WebSite","@id":"https:\/\/www.impresarusconi.it\/en\/#website","url":"https:\/\/www.impresarusconi.it\/en\/","name":"Impresa Rusconi","description":"Una questione di fiducia","potentialAction":[{"@type":"SearchAction","target":{"@type":"EntryPoint","urlTemplate":"https:\/\/www.impresarusconi.it\/en\/?s={search_term_string}"},"query-input":{"@type":"PropertyValueSpecification","valueRequired":true,"valueName":"search_term_string"}}],"inLanguage":"en-US"},{"@type":"Person","@id":"https:\/\/www.impresarusconi.it\/en\/#\/schema\/person\/f611b7c2bc2dac6141918c8ce7f4fe88","name":"rossana.delforno","image":{"@type":"ImageObject","inLanguage":"en-US","@id":"https:\/\/secure.gravatar.com\/avatar\/3c5923e458edf864968cda006770cc7a0c8e388d7d9e9c893b9deb0a72858ac8?s=96&d=mm&r=g","url":"https:\/\/secure.gravatar.com\/avatar\/3c5923e458edf864968cda006770cc7a0c8e388d7d9e9c893b9deb0a72858ac8?s=96&d=mm&r=g","contentUrl":"https:\/\/secure.gravatar.com\/avatar\/3c5923e458edf864968cda006770cc7a0c8e388d7d9e9c893b9deb0a72858ac8?s=96&d=mm&r=g","caption":"rossana.delforno"}}]}},"jetpack_featured_media_url":"https:\/\/www.impresarusconi.it\/wp-content\/uploads\/2021\/11\/2573_Unipol2.jpg","jetpack_sharing_enabled":true,"_links":{"self":[{"href":"https:\/\/www.impresarusconi.it\/en\/wp-json\/wp\/v2\/posts\/9566","targetHints":{"allow":["GET"]}}],"collection":[{"href":"https:\/\/www.impresarusconi.it\/en\/wp-json\/wp\/v2\/posts"}],"about":[{"href":"https:\/\/www.impresarusconi.it\/en\/wp-json\/wp\/v2\/types\/post"}],"author":[{"embeddable":true,"href":"https:\/\/www.impresarusconi.it\/en\/wp-json\/wp\/v2\/users\/7"}],"replies":[{"embeddable":true,"href":"https:\/\/www.impresarusconi.it\/en\/wp-json\/wp\/v2\/comments?post=9566"}],"version-history":[{"count":1,"href":"https:\/\/www.impresarusconi.it\/en\/wp-json\/wp\/v2\/posts\/9566\/revisions"}],"predecessor-version":[{"id":11071,"href":"https:\/\/www.impresarusconi.it\/en\/wp-json\/wp\/v2\/posts\/9566\/revisions\/11071"}],"wp:featuredmedia":[{"embeddable":true,"href":"https:\/\/www.impresarusconi.it\/en\/wp-json\/wp\/v2\/media\/9453"}],"wp:attachment":[{"href":"https:\/\/www.impresarusconi.it\/en\/wp-json\/wp\/v2\/media?parent=9566"}],"wp:term":[{"taxonomy":"category","embeddable":true,"href":"https:\/\/www.impresarusconi.it\/en\/wp-json\/wp\/v2\/categories?post=9566"},{"taxonomy":"post_tag","embeddable":true,"href":"https:\/\/www.impresarusconi.it\/en\/wp-json\/wp\/v2\/tags?post=9566"}],"curies":[{"name":"wp","href":"https:\/\/api.w.org\/{rel}","templated":true}]}}